{"id":139,"date":"2024-05-09T13:44:37","date_gmt":"2024-05-09T11:44:37","guid":{"rendered":"https:\/\/cerclebadiou.fr\/?p=139"},"modified":"2024-05-09T19:53:59","modified_gmt":"2024-05-09T17:53:59","slug":"rendez-vous-le-10-juin","status":"publish","type":"post","link":"https:\/\/cerclebadiou.fr\/index.php\/2024\/05\/09\/rendez-vous-le-10-juin\/","title":{"rendered":"Rendez-vous le 10 juin"},"content":{"rendered":"\n<div class=\"wp-block-group\"><div class=\"wp-block-group__inner-container is-layout-constrained wp-container-core-group-is-layout-04692c70 wp-block-group-is-layout-constrained\">\n<div style=\"height:1.25rem\" aria-hidden=\"true\" class=\"wp-block-spacer\"><\/div>\n\n\n\n<p><strong>Tarification des services publics : la gratuit\u00e9 est-elle la solution ?<\/strong><\/p>\n\n\n\n<div style=\"height:25px\" aria-hidden=\"true\" class=\"wp-block-spacer\"><\/div>\n\n\n\n<figure class=\"wp-block-image size-large\"><a href=\"https:\/\/unsplash.com\/fr\/@saytosid\"><img loading=\"lazy\" decoding=\"async\" width=\"1024\" height=\"684\" src=\"https:\/\/cerclebadiou.fr\/wp-content\/uploads\/2024\/05\/siddhant-kumar-Q4JSV-DbJXM-unsplash-1024x684.jpg\" alt=\"\" class=\"wp-image-166\" srcset=\"https:\/\/cerclebadiou.fr\/wp-content\/uploads\/2024\/05\/siddhant-kumar-Q4JSV-DbJXM-unsplash-1024x684.jpg 1024w, https:\/\/cerclebadiou.fr\/wp-content\/uploads\/2024\/05\/siddhant-kumar-Q4JSV-DbJXM-unsplash-300x200.jpg 300w, https:\/\/cerclebadiou.fr\/wp-content\/uploads\/2024\/05\/siddhant-kumar-Q4JSV-DbJXM-unsplash-768x513.jpg 768w, https:\/\/cerclebadiou.fr\/wp-content\/uploads\/2024\/05\/siddhant-kumar-Q4JSV-DbJXM-unsplash-1536x1025.jpg 1536w, https:\/\/cerclebadiou.fr\/wp-content\/uploads\/2024\/05\/siddhant-kumar-Q4JSV-DbJXM-unsplash-2048x1367.jpg 2048w\" sizes=\"auto, (max-width: 1024px) 100vw, 1024px\" \/><\/a><figcaption class=\"wp-element-caption\">Cr\u00e9dit photo : Siddhant Kumar.<\/figcaption><\/figure>\n\n\n\n<div style=\"height:25px\" aria-hidden=\"true\" class=\"wp-block-spacer\"><\/div>\n\n\n\n<p><strong>Table ronde &#8211; lundi 10 juin 2024 &#8211; 18 h 00 &#8211; Salle Jean-Jaur\u00e8s &#8211; Bourse du travail &#8211; Conf\u00e9d\u00e9ration g\u00e9n\u00e9rale du travail &#8211; 19, place Saint-Sernin &#8211; Toulouse<\/strong><\/p>\n\n\n\n<div style=\"height:30px\" aria-hidden=\"true\" class=\"wp-block-spacer\"><\/div>\n\n\n\n<p>Intervenants :<\/p>\n\n\n\n<div style=\"height:1.25rem\" aria-hidden=\"true\" class=\"wp-block-spacer\"><\/div>\n\n\n\n<p><strong>Jo\u00ebl Carreiras<\/strong>, ing\u00e9nieur de recherche, charg\u00e9 d\u2019enseignement \u00e0 Sciences Po Toulouse.<\/p>\n\n\n\n<div style=\"height:1.25rem\" aria-hidden=\"true\" class=\"wp-block-spacer\"><\/div>\n\n\n\n<p><strong>Wulfran Despitch<\/strong>, fonctionnaire territorial, ancien vice-pr\u00e9sident du conseil r\u00e9gional du Nord-Pas-de-Calais et ancien adjoint au maire de Dunkerque.<\/p>\n\n\n\n<div style=\"height:1.25rem\" aria-hidden=\"true\" class=\"wp-block-spacer\"><\/div>\n\n\n\n<p><strong>J\u00e9r\u00f4me Monamy<\/strong>, conseiller r\u00e9gional, membre des commissions urgence climatique et mobilit\u00e9s et infrastructures.<\/p>\n\n\n\n<div style=\"height:1.25rem\" aria-hidden=\"true\" class=\"wp-block-spacer\"><\/div>\n\n\n\n<p><strong>Thierry Suaud<\/strong>, maire de Portet-sur-Garonne, conseiller d\u00e9partemental, pr\u00e9sident du syndicat d\u00e9partemental d\u2019\u00e9nergie de Haute-Garonne, membre du comit\u00e9 syndical Tiss\u00e9o collectivit\u00e9s.<\/p>\n\n\n\n<div style=\"height:1.25rem\" aria-hidden=\"true\" class=\"wp-block-spacer\"><\/div>\n\n\n\n<p><em>Retour d\u2019exp\u00e9rience sur la gratuit\u00e9 dans les transports en commun \u00e0 Dunkerque.<\/em><\/p>\n\n\n\n<div style=\"height:1.25rem\" aria-hidden=\"true\" class=\"wp-block-spacer\"><\/div>\n\n\n\n<p><em>Pr\u00e9sentation de la tarification incitative et \u00e0 l\u2019usage de la R\u00e9gion Occitanie avec le compte mobilit\u00e9 pour les 18-26 ans et \u201cPlus \u00e9gale Moins\u201d pour les 60 ans et plus.<\/em><\/p>\n<\/div><\/div>\n\n\n\n<div class=\"wp-block-group\"><div class=\"wp-block-group__inner-container is-layout-constrained wp-container-core-group-is-layout-04692c70 wp-block-group-is-layout-constrained\">\n<div style=\"height:0px\" aria-hidden=\"true\" class=\"wp-block-spacer\"><\/div>\n\n\n\n<p><a href=\"https:\/\/www.facebook.com\/events\/1859613864478906\/?acontext=%7B%22event_action_history%22%3A[%7B%22extra_data%22%3A%22%22%2C%22mechanism%22%3A%22unknown%22%2C%22surface%22%3A%22external%22%7D%2C%7B%22extra_data%22%3A%22%22%2C%22mechanism%22%3A%22left_rail%22%2C%22surface%22%3A%22bookmark%22%7D%2C%7B%22extra_data%22%3A%22%22%2C%22mechanism%22%3A%22surface%22%2C%22surface%22%3A%22create_dialog%22%7D]%2C%22ref_notif_type%22%3Anull%7D&amp;onload_action=open_invite_flow&amp;show_created_event_toast=true\">Ev\u00e9nement Facebook<\/a><\/p>\n\n\n\n<div style=\"height:1.25rem\" aria-hidden=\"true\" class=\"wp-block-spacer\"><\/div>\n\n\n\n<p>T\u00e9l\u00e9chargez le carton d&#8217;invitation : <a href=\"https:\/\/cerclebadiou.fr\/wp-content\/uploads\/2024\/05\/flyer-10-juin-1.pdf\">Imprim\u00e9 au format PDF<\/a><\/p>\n\n\n\n<div style=\"height:20px\" aria-hidden=\"true\" class=\"wp-block-spacer\"><\/div>\n\n\n\n<div data-wp-interactive=\"core\/file\" class=\"wp-block-file\"><object data-wp-bind--hidden=\"!state.hasPdfPreview\" hidden class=\"wp-block-file__embed\" data=\"https:\/\/cerclebadiou.fr\/wp-content\/uploads\/2024\/05\/flyer-10-juin-1.pdf\" type=\"application\/pdf\" style=\"width:100%;height:600px\" aria-label=\"Embed of flyer 10 juin.\"><\/object><a id=\"wp-block-file--media-2ce2e7df-7c55-4f10-b735-ae5504469863\" href=\"https:\/\/cerclebadiou.fr\/wp-content\/uploads\/2024\/05\/flyer-10-juin-1.pdf\">flyer 10 juin<\/a><a href=\"https:\/\/cerclebadiou.fr\/wp-content\/uploads\/2024\/05\/flyer-10-juin-1.pdf\" class=\"wp-block-file__button wp-element-button\" download aria-describedby=\"wp-block-file--media-2ce2e7df-7c55-4f10-b735-ae5504469863\">T\u00e9l\u00e9charger<\/a><\/div>\n\n\n\n<div style=\"height:1.25rem\" aria-hidden=\"true\" class=\"wp-block-spacer\"><\/div>\n\n\n\n<hr class=\"wp-block-separator has-alpha-channel-opacity\"\/>\n\n\n\n<div style=\"height:0px\" aria-hidden=\"true\" class=\"wp-block-spacer\"><\/div>\n<\/div><\/div>\n","protected":false},"excerpt":{"rendered":"<p>Tarification des services publics : la gratuit\u00e9 est-elle la solution ? Table ronde &#8211; lundi 10 juin 2024 &#8211; 18 h 00 &#8211; Salle Jean-Jaur\u00e8s &#8211; Bourse du travail &#8211; Conf\u00e9d\u00e9ration g\u00e9n\u00e9rale du travail &#8211; 19, place Saint-Sernin &#8211; Toulouse Intervenants : Jo\u00ebl Carreiras, ing\u00e9nieur de recherche, charg\u00e9 d\u2019enseignement \u00e0 Sciences Po Toulouse. Wulfran Despitch, &hellip; <a href=\"https:\/\/cerclebadiou.fr\/index.php\/2024\/05\/09\/rendez-vous-le-10-juin\/\" class=\"more-link\">Continue reading <span class=\"screen-reader-text\">Rendez-vous le 10 juin<\/span><\/a><\/p>\n","protected":false},"author":2,"featured_media":0,"comment_status":"open","ping_status":"open","sticky":false,"template":"","format":"standard","meta":{"footnotes":""},"categories":[1],"tags":[],"class_list":["post-139","post","type-post","status-publish","format-standard","hentry","category-blog"],"_links":{"self":[{"href":"https:\/\/cerclebadiou.fr\/index.php\/wp-json\/wp\/v2\/posts\/139","targetHints":{"allow":["GET"]}}],"collection":[{"href":"https:\/\/cerclebadiou.fr\/index.php\/wp-json\/wp\/v2\/posts"}],"about":[{"href":"https:\/\/cerclebadiou.fr\/index.php\/wp-json\/wp\/v2\/types\/post"}],"author":[{"embeddable":true,"href":"https:\/\/cerclebadiou.fr\/index.php\/wp-json\/wp\/v2\/users\/2"}],"replies":[{"embeddable":true,"href":"https:\/\/cerclebadiou.fr\/index.php\/wp-json\/wp\/v2\/comments?post=139"}],"version-history":[{"count":10,"href":"https:\/\/cerclebadiou.fr\/index.php\/wp-json\/wp\/v2\/posts\/139\/revisions"}],"predecessor-version":[{"id":176,"href":"https:\/\/cerclebadiou.fr\/index.php\/wp-json\/wp\/v2\/posts\/139\/revisions\/176"}],"wp:attachment":[{"href":"https:\/\/cerclebadiou.fr\/index.php\/wp-json\/wp\/v2\/media?parent=139"}],"wp:term":[{"taxonomy":"category","embeddable":true,"href":"https:\/\/cerclebadiou.fr\/index.php\/wp-json\/wp\/v2\/categories?post=139"},{"taxonomy":"post_tag","embeddable":true,"href":"https:\/\/cerclebadiou.fr\/index.php\/wp-json\/wp\/v2\/tags?post=139"}],"curies":[{"name":"wp","href":"https:\/\/api.w.org\/{rel}","templated":true}]}}