{"id":146,"date":"2024-05-06T08:57:00","date_gmt":"2024-05-06T06:57:00","guid":{"rendered":"https:\/\/cerclebadiou.fr\/?p=146"},"modified":"2024-05-09T14:30:24","modified_gmt":"2024-05-09T12:30:24","slug":"la-russie-doit-perdre-sa-derniere-guerre-coloniale","status":"publish","type":"post","link":"https:\/\/cerclebadiou.fr\/index.php\/2024\/05\/06\/la-russie-doit-perdre-sa-derniere-guerre-coloniale\/","title":{"rendered":"La Russie doit perdre"},"content":{"rendered":"\n\n\n<figure class=\"wp-block-embed is-type-rich is-provider-twitter wp-block-embed-twitter\"><div class=\"wp-block-embed__wrapper\">\n<blockquote class=\"twitter-tweet\" data-width=\"550\" data-dnt=\"true\"><p lang=\"fr\" dir=\"ltr\">\ud83d\udd34 EN DIRECT<br>Kaja Kallas, premi\u00e8re ministre d\u2019Estonie, invit\u00e9e de l&#39;Universit\u00e9 Lib\u00e9 : \u00abLa Russie doit perdre sa derni\u00e8re guerre coloniale\u00bb<br><br>Lire plus : <a href=\"https:\/\/t.co\/2AFDrVozdK\">https:\/\/t.co\/2AFDrVozdK<\/a> <a href=\"https:\/\/t.co\/0iW1RyFxQR\">pic.twitter.com\/0iW1RyFxQR<\/a><\/p>&mdash; Lib\u00e9ration (@libe) <a href=\"https:\/\/twitter.com\/libe\/status\/1786382324655128804?ref_src=twsrc%5Etfw\">May 3, 2024<\/a><\/blockquote><script async src=\"https:\/\/platform.twitter.com\/widgets.js\" charset=\"utf-8\"><\/script>\n<\/div><\/figure>\n\n\n\n<p>Les Ukrainiens ne se battent pas uniquement pour leur libert\u00e9, ils se battent aussi pour la libert\u00e9 de l&#8217;Europe.<\/p>\n\n\n\n<p>Une expression forte publi\u00e9e dans Lib\u00e9ration le jour du d\u00e9bat sur l&#8217;attitude des d\u00e9mocraties europ\u00e9ennes face \u00e0 un envahisseur.<\/p>\n\n\n\n<figure class=\"wp-block-image size-large\"><img loading=\"lazy\" decoding=\"async\" width=\"1024\" height=\"639\" src=\"https:\/\/cerclebadiou.fr\/wp-content\/uploads\/2024\/05\/Capture-decran-2024-05-09-a-13.51.54-1024x639.png\" alt=\"\" class=\"wp-image-148\" srcset=\"https:\/\/cerclebadiou.fr\/wp-content\/uploads\/2024\/05\/Capture-decran-2024-05-09-a-13.51.54-1024x639.png 1024w, https:\/\/cerclebadiou.fr\/wp-content\/uploads\/2024\/05\/Capture-decran-2024-05-09-a-13.51.54-300x187.png 300w, https:\/\/cerclebadiou.fr\/wp-content\/uploads\/2024\/05\/Capture-decran-2024-05-09-a-13.51.54-768x479.png 768w, https:\/\/cerclebadiou.fr\/wp-content\/uploads\/2024\/05\/Capture-decran-2024-05-09-a-13.51.54-1536x959.png 1536w, https:\/\/cerclebadiou.fr\/wp-content\/uploads\/2024\/05\/Capture-decran-2024-05-09-a-13.51.54-2048x1278.png 2048w\" sizes=\"auto, (max-width: 1024px) 100vw, 1024px\" \/><\/figure>\n\n\n\n<div data-wp-interactive=\"core\/file\" class=\"wp-block-file\"><object data-wp-bind--hidden=\"!state.hasPdfPreview\" hidden class=\"wp-block-file__embed\" data=\"https:\/\/cerclebadiou.fr\/wp-content\/uploads\/2024\/05\/liberation060524-Kaja-Kallas.pdf\" type=\"application\/pdf\" style=\"width:100%;height:600px\" aria-label=\"Embed of liberation060524-Kaja-Kallas.\"><\/object><a id=\"wp-block-file--media-55194172-9dab-49cc-96a5-e4fdc2a5a6d3\" href=\"https:\/\/cerclebadiou.fr\/wp-content\/uploads\/2024\/05\/liberation060524-Kaja-Kallas.pdf\">liberation060524-Kaja-Kallas<\/a><a href=\"https:\/\/cerclebadiou.fr\/wp-content\/uploads\/2024\/05\/liberation060524-Kaja-Kallas.pdf\" class=\"wp-block-file__button wp-element-button\" download aria-describedby=\"wp-block-file--media-55194172-9dab-49cc-96a5-e4fdc2a5a6d3\">T\u00e9l\u00e9charger<\/a><\/div>\n","protected":false},"excerpt":{"rendered":"<p>Les Ukrainiens ne se battent pas uniquement pour leur libert\u00e9, ils se battent aussi pour la libert\u00e9 de l&#8217;Europe.<\/p>\n","protected":false},"author":2,"featured_media":0,"comment_status":"open","ping_status":"open","sticky":false,"template":"","format":"standard","meta":{"footnotes":""},"categories":[1],"tags":[],"class_list":["post-146","post","type-post","status-publish","format-standard","hentry","category-blog"],"_links":{"self":[{"href":"https:\/\/cerclebadiou.fr\/index.php\/wp-json\/wp\/v2\/posts\/146","targetHints":{"allow":["GET"]}}],"collection":[{"href":"https:\/\/cerclebadiou.fr\/index.php\/wp-json\/wp\/v2\/posts"}],"about":[{"href":"https:\/\/cerclebadiou.fr\/index.php\/wp-json\/wp\/v2\/types\/post"}],"author":[{"embeddable":true,"href":"https:\/\/cerclebadiou.fr\/index.php\/wp-json\/wp\/v2\/users\/2"}],"replies":[{"embeddable":true,"href":"https:\/\/cerclebadiou.fr\/index.php\/wp-json\/wp\/v2\/comments?post=146"}],"version-history":[{"count":6,"href":"https:\/\/cerclebadiou.fr\/index.php\/wp-json\/wp\/v2\/posts\/146\/revisions"}],"predecessor-version":[{"id":160,"href":"https:\/\/cerclebadiou.fr\/index.php\/wp-json\/wp\/v2\/posts\/146\/revisions\/160"}],"wp:attachment":[{"href":"https:\/\/cerclebadiou.fr\/index.php\/wp-json\/wp\/v2\/media?parent=146"}],"wp:term":[{"taxonomy":"category","embeddable":true,"href":"https:\/\/cerclebadiou.fr\/index.php\/wp-json\/wp\/v2\/categories?post=146"},{"taxonomy":"post_tag","embeddable":true,"href":"https:\/\/cerclebadiou.fr\/index.php\/wp-json\/wp\/v2\/tags?post=146"}],"curies":[{"name":"wp","href":"https:\/\/api.w.org\/{rel}","templated":true}]}}