{"id":202,"date":"2024-06-13T16:18:40","date_gmt":"2024-06-13T14:18:40","guid":{"rendered":"https:\/\/cerclebadiou.fr\/?p=202"},"modified":"2024-08-20T09:40:38","modified_gmt":"2024-08-20T07:40:38","slug":"pourquoi-un-cercle-raymond-badiou","status":"publish","type":"post","link":"https:\/\/cerclebadiou.fr\/index.php\/2024\/06\/13\/pourquoi-un-cercle-raymond-badiou\/","title":{"rendered":"Pourquoi un cercle Raymond Badiou ?"},"content":{"rendered":"\n<figure class=\"wp-block-image size-full is-resized\"><img loading=\"lazy\" decoding=\"async\" width=\"640\" height=\"329\" src=\"https:\/\/cerclebadiou.fr\/wp-content\/uploads\/2024\/06\/rp2.jpg\" alt=\"\" class=\"wp-image-203\" style=\"width:690px;height:auto\" srcset=\"https:\/\/cerclebadiou.fr\/wp-content\/uploads\/2024\/06\/rp2.jpg 640w, https:\/\/cerclebadiou.fr\/wp-content\/uploads\/2024\/06\/rp2-300x154.jpg 300w\" sizes=\"auto, (max-width: 640px) 100vw, 640px\" \/><\/figure>\n\n\n\n<p><\/p>\n\n\n\n<p><strong>Pourquoi un cercle Raymond Badiou \u00e0 Toulouse est-il plus que jamais \u00e0 l\u2019ordre du jour ?<\/strong><\/p>\n\n\n\n<p>La menace de l\u2019arriv\u00e9e au pouvoir de l\u2019extr\u00eame-droite est depuis le 9 juin 2024 \u00e0 20 h devenue effective avec le r\u00e9sultat de l\u2019\u00e9lection au Parlement europ\u00e9en et la dissolution imm\u00e9diate de l\u2019Assembl\u00e9e nationale.<\/p>\n\n\n\n<p>La gauche r\u00e9agit en affirmant d\u00e8s le lendemain sa volont\u00e9 de s\u2019opposer dans l\u2019unit\u00e9 \u00e0 cette perspective cauchemardesque. Mais elle est affaiblie (son score global est \u00e0 peine \u00e9quivalent \u00e0 celui du principal parti d\u2019extr\u00eame droite) et malgr\u00e9 la volont\u00e9 unitaire, travers\u00e9e pas divisions et contradictions.<\/p>\n\n\n\n<p>Il est certes urgent de lutter, de se dresser contre l\u2019inacceptable, mais aussi de r\u00e9fl\u00e9chir&nbsp;:<\/p>\n\n\n\n<ul class=\"wp-block-list\">\n<li>Comment en est-on arriv\u00e9 l\u00e0&nbsp;? Quelles sont les responsabilit\u00e9s de la gauche en l\u2019occurrence&nbsp;?&nbsp;<\/li>\n<\/ul>\n\n\n\n<ul class=\"wp-block-list\">\n<li>Comment, au-del\u00e0 de la perspective encore floue d\u2019un retour au pouvoir, proposer aux citoyens des solutions cr\u00e9dibles \u00e0 leurs besoins insatisfaits, \u00e0 leurs indignations sans d\u00e9bouch\u00e9, \u00e0 leur mal-\u00eatre&nbsp;?<\/li>\n<\/ul>\n\n\n\n<p>Se placer sous le patronage de Raymond Badiou (1905-1996) peut surprendre, tant sa m\u00e9moire dans la ville qu\u2019il a administr\u00e9e pendant 14 ans (1944-1958) a \u00e9t\u00e9 estomp\u00e9e, voire occult\u00e9e. Une telle d\u00e9marche est pourtant pleinement pertinente.<\/p>\n\n\n\n<p>Issu de parents instituteurs, lui-m\u00eame normalien et enseignant de grande valeur, il a manifest\u00e9 un attachement constant \u00e0 l\u2019\u00e9ducation, \u00e0 la la\u00efcit\u00e9, \u00e0 la r\u00e9duction des in\u00e9galit\u00e9s par la diffusion de la connaissance et par le progr\u00e8s social.<\/p>\n\n\n\n<p>Tr\u00e8s courageux r\u00e9sistant, il dut prendre le maquis et suppl\u00e9er Raymond Naves comme leader de la R\u00e9sistance toulousaine apr\u00e8s son arrestation en f\u00e9vrier 1944, puis comme maire d\u00e9sign\u00e9 \u00e0 Lib\u00e9ration en ao\u00fbt de la m\u00eame ann\u00e9e.<\/p>\n\n\n\n<p>Il se distingua aussit\u00f4t en proposant d\u00e8s son accession au pouvoir municipal la prise en r\u00e9gie des services publics et une gestion audacieuse de \u00e9l\u00e9ments dominants du secteur priv\u00e9.<\/p>\n\n\n\n<p>Il mit en \u0153uvre un urbanisme rationnel, limitant l\u2019extension du b\u00e2ti pour mieux \u00e9tablir les infrastructures, et privil\u00e9giant d\u00e9lib\u00e9r\u00e9ment l\u2019habitat social.<\/p>\n\n\n\n<p>Il manifesta son attention au patrimoine en signalant d\u00e8s 1946 par des inscriptions grav\u00e9es dans la pierre un grand nombre de monuments toulousains, pr\u00e9figurant ainsi la vocation touristique de notre ville.<\/p>\n\n\n\n<p>Partisan convaincu de l\u2019unit\u00e9 de la gauche, il lutta contre le colonialisme, il &nbsp;interrompit son mandat pour, en 1958 d\u00e9savouer les d\u00e9rives du parti socialiste et &nbsp;s\u2019opposer au changement de r\u00e9publique dans la mesure o\u00f9 celui-ci mena\u00e7ait la d\u00e9mocratie. Redevenu simple militant, il \u0153uvra &nbsp;inlassablement pour la renaissance, dans l\u2019unit\u00e9 &nbsp;d\u2019une gauche responsable.<\/p>\n\n\n\n<p><a href=\"https:\/\/framespa.univ-tlse2.fr\/accueil\/annuaire\/annuaire-des-chercheurs\/pech-remy#\/\">R\u00e9my Pech<\/a>, <em>professeur \u00e9m\u00e9rite d&#8217;histoire contemporaine et ancien pr\u00e9sident de l&#8217;universit\u00e9 de l&#8217;Universit\u00e9 Toulouse-II Le Mirail<\/em>.<\/p>\n","protected":false},"excerpt":{"rendered":"<p>Pourquoi un cercle Raymond Badiou \u00e0 Toulouse est-il plus que jamais \u00e0 l\u2019ordre du jour ? La menace de l\u2019arriv\u00e9e au pouvoir de l\u2019extr\u00eame-droite est depuis le 9 juin 2024 \u00e0 20 h devenue effective avec le r\u00e9sultat de l\u2019\u00e9lection au Parlement europ\u00e9en et la dissolution imm\u00e9diate de l\u2019Assembl\u00e9e nationale. La gauche r\u00e9agit en affirmant &hellip; <a href=\"https:\/\/cerclebadiou.fr\/index.php\/2024\/06\/13\/pourquoi-un-cercle-raymond-badiou\/\" class=\"more-link\">Continue reading <span class=\"screen-reader-text\">Pourquoi un cercle Raymond Badiou ?<\/span><\/a><\/p>\n","protected":false},"author":2,"featured_media":0,"comment_status":"open","ping_status":"open","sticky":false,"template":"","format":"standard","meta":{"footnotes":""},"categories":[1],"tags":[],"class_list":["post-202","post","type-post","status-publish","format-standard","hentry","category-blog"],"_links":{"self":[{"href":"https:\/\/cerclebadiou.fr\/index.php\/wp-json\/wp\/v2\/posts\/202","targetHints":{"allow":["GET"]}}],"collection":[{"href":"https:\/\/cerclebadiou.fr\/index.php\/wp-json\/wp\/v2\/posts"}],"about":[{"href":"https:\/\/cerclebadiou.fr\/index.php\/wp-json\/wp\/v2\/types\/post"}],"author":[{"embeddable":true,"href":"https:\/\/cerclebadiou.fr\/index.php\/wp-json\/wp\/v2\/users\/2"}],"replies":[{"embeddable":true,"href":"https:\/\/cerclebadiou.fr\/index.php\/wp-json\/wp\/v2\/comments?post=202"}],"version-history":[{"count":5,"href":"https:\/\/cerclebadiou.fr\/index.php\/wp-json\/wp\/v2\/posts\/202\/revisions"}],"predecessor-version":[{"id":222,"href":"https:\/\/cerclebadiou.fr\/index.php\/wp-json\/wp\/v2\/posts\/202\/revisions\/222"}],"wp:attachment":[{"href":"https:\/\/cerclebadiou.fr\/index.php\/wp-json\/wp\/v2\/media?parent=202"}],"wp:term":[{"taxonomy":"category","embeddable":true,"href":"https:\/\/cerclebadiou.fr\/index.php\/wp-json\/wp\/v2\/categories?post=202"},{"taxonomy":"post_tag","embeddable":true,"href":"https:\/\/cerclebadiou.fr\/index.php\/wp-json\/wp\/v2\/tags?post=202"}],"curies":[{"name":"wp","href":"https:\/\/api.w.org\/{rel}","templated":true}]}}