{"id":264,"date":"2024-06-10T15:26:58","date_gmt":"2024-06-10T13:26:58","guid":{"rendered":"https:\/\/cerclebadiou.fr\/?p=264"},"modified":"2024-10-20T15:38:41","modified_gmt":"2024-10-20T13:38:41","slug":"retour-sur-le-10-juin","status":"publish","type":"post","link":"https:\/\/cerclebadiou.fr\/index.php\/2024\/06\/10\/retour-sur-le-10-juin\/","title":{"rendered":"Retour sur le 10 juin"},"content":{"rendered":"\n<p><strong>Table ronde \u2013 lundi 10 juin 2024 \u2013 18 h 00 \u2013 Salle Jean-Jaur\u00e8s \u2013 Bourse du travail \u2013 Conf\u00e9d\u00e9ration g\u00e9n\u00e9rale du travail \u2013 19, place Saint-Sernin \u2013 Toulouse<\/strong><\/p>\n\n\n\n<p>Intervenants :<\/p>\n\n\n\n<figure class=\"wp-block-image size-large\"><img loading=\"lazy\" decoding=\"async\" width=\"768\" height=\"1024\" src=\"https:\/\/cerclebadiou.fr\/wp-content\/uploads\/2024\/10\/IMG_4391-768x1024.jpeg\" alt=\"\" class=\"wp-image-268\" srcset=\"https:\/\/cerclebadiou.fr\/wp-content\/uploads\/2024\/10\/IMG_4391-768x1024.jpeg 768w, https:\/\/cerclebadiou.fr\/wp-content\/uploads\/2024\/10\/IMG_4391-225x300.jpeg 225w, https:\/\/cerclebadiou.fr\/wp-content\/uploads\/2024\/10\/IMG_4391-1152x1536.jpeg 1152w, https:\/\/cerclebadiou.fr\/wp-content\/uploads\/2024\/10\/IMG_4391-1536x2048.jpeg 1536w, https:\/\/cerclebadiou.fr\/wp-content\/uploads\/2024\/10\/IMG_4391-scaled.jpeg 1920w\" sizes=\"auto, (max-width: 768px) 100vw, 768px\" \/><\/figure>\n\n\n\n<p><\/p>\n\n\n\n<p><strong>Jo\u00ebl Carreiras<\/strong>, ing\u00e9nieur de recherche, charg\u00e9 d\u2019enseignement \u00e0 Sciences Po Toulouse.<\/p>\n\n\n\n<figure class=\"wp-block-image size-large is-resized\"><img loading=\"lazy\" decoding=\"async\" width=\"768\" height=\"1024\" src=\"https:\/\/cerclebadiou.fr\/wp-content\/uploads\/2024\/10\/IMG_4340-768x1024.jpeg\" alt=\"\" class=\"wp-image-269\" style=\"width:690px;height:auto\" srcset=\"https:\/\/cerclebadiou.fr\/wp-content\/uploads\/2024\/10\/IMG_4340-768x1024.jpeg 768w, https:\/\/cerclebadiou.fr\/wp-content\/uploads\/2024\/10\/IMG_4340-225x300.jpeg 225w, https:\/\/cerclebadiou.fr\/wp-content\/uploads\/2024\/10\/IMG_4340-1152x1536.jpeg 1152w, https:\/\/cerclebadiou.fr\/wp-content\/uploads\/2024\/10\/IMG_4340-1536x2048.jpeg 1536w, https:\/\/cerclebadiou.fr\/wp-content\/uploads\/2024\/10\/IMG_4340-scaled.jpeg 1920w\" sizes=\"auto, (max-width: 768px) 100vw, 768px\" \/><\/figure>\n\n\n\n<p><\/p>\n\n\n\n<p><strong>Wulfran Despitch<\/strong>, fonctionnaire territorial, ancien vice-pr\u00e9sident du conseil r\u00e9gional du Nord-Pas-de-Calais et ancien adjoint au maire de Dunkerque.<\/p>\n\n\n\n<figure class=\"wp-block-image size-large\"><img loading=\"lazy\" decoding=\"async\" width=\"768\" height=\"1024\" src=\"https:\/\/cerclebadiou.fr\/wp-content\/uploads\/2024\/10\/IMG_4372-768x1024.jpeg\" alt=\"\" class=\"wp-image-270\" srcset=\"https:\/\/cerclebadiou.fr\/wp-content\/uploads\/2024\/10\/IMG_4372-768x1024.jpeg 768w, https:\/\/cerclebadiou.fr\/wp-content\/uploads\/2024\/10\/IMG_4372-225x300.jpeg 225w, https:\/\/cerclebadiou.fr\/wp-content\/uploads\/2024\/10\/IMG_4372-1152x1536.jpeg 1152w, https:\/\/cerclebadiou.fr\/wp-content\/uploads\/2024\/10\/IMG_4372-1536x2048.jpeg 1536w, https:\/\/cerclebadiou.fr\/wp-content\/uploads\/2024\/10\/IMG_4372-scaled.jpeg 1920w\" sizes=\"auto, (max-width: 768px) 100vw, 768px\" \/><\/figure>\n\n\n\n<p><\/p>\n\n\n\n<p><strong>J\u00e9r\u00f4me Monamy<\/strong>, conseiller r\u00e9gional, membre des commissions urgence climatique et mobilit\u00e9s et infrastructures.<\/p>\n\n\n\n<figure class=\"wp-block-image size-large\"><img loading=\"lazy\" decoding=\"async\" width=\"768\" height=\"1024\" src=\"https:\/\/cerclebadiou.fr\/wp-content\/uploads\/2024\/10\/IMG_4411-768x1024.jpeg\" alt=\"\" class=\"wp-image-271\" srcset=\"https:\/\/cerclebadiou.fr\/wp-content\/uploads\/2024\/10\/IMG_4411-768x1024.jpeg 768w, https:\/\/cerclebadiou.fr\/wp-content\/uploads\/2024\/10\/IMG_4411-225x300.jpeg 225w, https:\/\/cerclebadiou.fr\/wp-content\/uploads\/2024\/10\/IMG_4411-1152x1536.jpeg 1152w, https:\/\/cerclebadiou.fr\/wp-content\/uploads\/2024\/10\/IMG_4411-1536x2048.jpeg 1536w, https:\/\/cerclebadiou.fr\/wp-content\/uploads\/2024\/10\/IMG_4411-scaled.jpeg 1920w\" sizes=\"auto, (max-width: 768px) 100vw, 768px\" \/><\/figure>\n\n\n\n<p><\/p>\n\n\n\n<p><strong>Thierry Suaud<\/strong>, maire de Portet-sur-Garonne, conseiller d\u00e9partemental, pr\u00e9sident du syndicat d\u00e9partemental d\u2019\u00e9nergie de Haute-Garonne, membre du comit\u00e9 syndical Tiss\u00e9o collectivit\u00e9s.<\/p>\n\n\n\n<iframe loading=\"lazy\" src=\"https:\/\/www.facebook.com\/plugins\/post.php?href=https%3A%2F%2Fwww.facebook.com%2Fpermalink.php%3Fstory_fbid%3Dpfbid02Wu3eyw2Aq7DbV1AxUTxARsGUSJnbG3BTkBMvhVx9ybsYZ2oUGbY3jrgYyaYZ6EPTl%26id%3D61558182118755&#038;show_text=true&#038;width=500\" width=\"500\" height=\"600\" style=\"border:none;overflow:hidden\" scrolling=\"no\" frameborder=\"0\" allowfullscreen=\"true\" allow=\"autoplay; clipboard-write; encrypted-media; picture-in-picture; web-share\"><\/iframe>\n","protected":false},"excerpt":{"rendered":"<p>Table ronde \u2013 lundi 10 juin 2024 \u2013 18 h 00 \u2013 Salle Jean-Jaur\u00e8s \u2013 Bourse du travail \u2013 Conf\u00e9d\u00e9ration g\u00e9n\u00e9rale du travail \u2013 19, place Saint-Sernin \u2013 Toulouse Intervenants : Jo\u00ebl Carreiras, ing\u00e9nieur de recherche, charg\u00e9 d\u2019enseignement \u00e0 Sciences Po Toulouse. Wulfran Despitch, fonctionnaire territorial, ancien vice-pr\u00e9sident du conseil r\u00e9gional du Nord-Pas-de-Calais et ancien &hellip; <a href=\"https:\/\/cerclebadiou.fr\/index.php\/2024\/06\/10\/retour-sur-le-10-juin\/\" class=\"more-link\">Continue reading <span class=\"screen-reader-text\">Retour sur le 10 juin<\/span><\/a><\/p>\n","protected":false},"author":2,"featured_media":0,"comment_status":"open","ping_status":"open","sticky":false,"template":"","format":"standard","meta":{"footnotes":""},"categories":[1],"tags":[],"class_list":["post-264","post","type-post","status-publish","format-standard","hentry","category-blog"],"_links":{"self":[{"href":"https:\/\/cerclebadiou.fr\/index.php\/wp-json\/wp\/v2\/posts\/264","targetHints":{"allow":["GET"]}}],"collection":[{"href":"https:\/\/cerclebadiou.fr\/index.php\/wp-json\/wp\/v2\/posts"}],"about":[{"href":"https:\/\/cerclebadiou.fr\/index.php\/wp-json\/wp\/v2\/types\/post"}],"author":[{"embeddable":true,"href":"https:\/\/cerclebadiou.fr\/index.php\/wp-json\/wp\/v2\/users\/2"}],"replies":[{"embeddable":true,"href":"https:\/\/cerclebadiou.fr\/index.php\/wp-json\/wp\/v2\/comments?post=264"}],"version-history":[{"count":5,"href":"https:\/\/cerclebadiou.fr\/index.php\/wp-json\/wp\/v2\/posts\/264\/revisions"}],"predecessor-version":[{"id":273,"href":"https:\/\/cerclebadiou.fr\/index.php\/wp-json\/wp\/v2\/posts\/264\/revisions\/273"}],"wp:attachment":[{"href":"https:\/\/cerclebadiou.fr\/index.php\/wp-json\/wp\/v2\/media?parent=264"}],"wp:term":[{"taxonomy":"category","embeddable":true,"href":"https:\/\/cerclebadiou.fr\/index.php\/wp-json\/wp\/v2\/categories?post=264"},{"taxonomy":"post_tag","embeddable":true,"href":"https:\/\/cerclebadiou.fr\/index.php\/wp-json\/wp\/v2\/tags?post=264"}],"curies":[{"name":"wp","href":"https:\/\/api.w.org\/{rel}","templated":true}]}}