{"id":283,"date":"2024-04-19T16:09:00","date_gmt":"2024-04-19T14:09:00","guid":{"rendered":"https:\/\/cerclebadiou.fr\/?p=283"},"modified":"2024-10-20T16:25:42","modified_gmt":"2024-10-20T14:25:42","slug":"rendez-vous-avec-michel-fayet","status":"publish","type":"post","link":"https:\/\/cerclebadiou.fr\/index.php\/2024\/04\/19\/rendez-vous-avec-michel-fayet\/","title":{"rendered":"Rendez-vous avec Michel Fayet"},"content":{"rendered":"\n<figure class=\"wp-block-image size-large is-resized\"><img loading=\"lazy\" decoding=\"async\" width=\"1024\" height=\"682\" src=\"https:\/\/cerclebadiou.fr\/wp-content\/uploads\/2024\/10\/IMG_5568-1024x682.jpg\" alt=\"\" class=\"wp-image-284\" style=\"width:690px;height:auto\" srcset=\"https:\/\/cerclebadiou.fr\/wp-content\/uploads\/2024\/10\/IMG_5568-1024x682.jpg 1024w, https:\/\/cerclebadiou.fr\/wp-content\/uploads\/2024\/10\/IMG_5568-300x200.jpg 300w, https:\/\/cerclebadiou.fr\/wp-content\/uploads\/2024\/10\/IMG_5568-768x511.jpg 768w, https:\/\/cerclebadiou.fr\/wp-content\/uploads\/2024\/10\/IMG_5568-1536x1022.jpg 1536w, https:\/\/cerclebadiou.fr\/wp-content\/uploads\/2024\/10\/IMG_5568-2048x1363.jpg 2048w\" sizes=\"auto, (max-width: 1024px) 100vw, 1024px\" \/><\/figure>\n\n\n\n<p><\/p>\n\n\n\n<p>Lyc\u00e9en, Michel Fayet se rem\u00e9more de l&#8217;\u00e9lection d&#8217;un d\u00e9put\u00e9 poujadiste en janvier 1956 dont l&#8217;invalidation donne lieu \u00e0 une manifestation contre la pr\u00e9sence de Jean-Marie Le Pen. A la t\u00eate du cort\u00e8ge qui vilipende la pr\u00e9sence de l&#8217;extr\u00eame-droite dans la ville, Michel Fayet d\u00e9couvre Raymond Badiou, qui n&#8217;est rien moins que son professeur de math\u00e9matiques en plus d&#8217;\u00eatre le maire socialiste.<\/p>\n\n\n\n<figure class=\"wp-block-image size-large\"><img loading=\"lazy\" decoding=\"async\" width=\"1024\" height=\"1024\" src=\"https:\/\/cerclebadiou.fr\/wp-content\/uploads\/2024\/10\/lyceepdf-1024x1024.jpeg\" alt=\"\" class=\"wp-image-285\" srcset=\"https:\/\/cerclebadiou.fr\/wp-content\/uploads\/2024\/10\/lyceepdf-1024x1024.jpeg 1024w, https:\/\/cerclebadiou.fr\/wp-content\/uploads\/2024\/10\/lyceepdf-300x300.jpeg 300w, https:\/\/cerclebadiou.fr\/wp-content\/uploads\/2024\/10\/lyceepdf-150x150.jpeg 150w, https:\/\/cerclebadiou.fr\/wp-content\/uploads\/2024\/10\/lyceepdf-768x769.jpeg 768w, https:\/\/cerclebadiou.fr\/wp-content\/uploads\/2024\/10\/lyceepdf-1534x1536.jpeg 1534w, https:\/\/cerclebadiou.fr\/wp-content\/uploads\/2024\/10\/lyceepdf.jpeg 1762w\" sizes=\"auto, (max-width: 1024px) 100vw, 1024px\" \/><\/figure>\n\n\n\n<p class=\"has-text-align-right\"><em>Sortie des \u00e9l\u00e8ves du lyc\u00e9e en 1957 &#8211; Cette photographie provient du&nbsp;<em>fonds&nbsp;<a href=\"https:\/\/fr.wikipedia.org\/wiki\/Andr%C3%A9_Cros\">Andr\u00e9 Cros<\/a><\/em>, conserv\u00e9 par les&nbsp;<a href=\"https:\/\/fr.wikipedia.org\/wiki\/Archives_municipales_de_Toulouse\">archives municipales de la ville de Toulouse<\/a>&nbsp;et plac\u00e9 sous licence&nbsp;<a href=\"https:\/\/creativecommons.org\/licenses\/by-sa\/4.0\/deed.fr\">CC BY-SA 4.0<\/a>&nbsp;par la&nbsp;<a href=\"http:\/\/deliberations.toulouse.fr\/data\/archive\/20170705_DELIBERATION_17-0360.pdf\">d\u00e9lib\u00e9ration n\u00b027.3<\/a>&nbsp;du 23 juin 2017 du Conseil Municipal de la Ville de Toulouse<\/em>.<\/p>\n\n\n\n<p>En 1957, le lyc\u00e9e de gar\u00e7ons de Toulouse se choisit un nom sur proposition de Raymond Badiou. Il prend le nom du c\u00e9l\u00e8bre math\u00e9maticien Pierre de Fermat.<\/p>\n","protected":false},"excerpt":{"rendered":"<p>Lyc\u00e9en, Michel Fayet se rem\u00e9more de l&#8217;\u00e9lection d&#8217;un d\u00e9put\u00e9 poujadiste en janvier 1956 dont l&#8217;invalidation donne lieu \u00e0 une manifestation contre la pr\u00e9sence de Jean-Marie Le Pen. A la t\u00eate du cort\u00e8ge qui vilipende la pr\u00e9sence de l&#8217;extr\u00eame-droite dans la ville, Michel Fayet d\u00e9couvre Raymond Badiou, qui n&#8217;est rien moins que son professeur de math\u00e9matiques &hellip; <a href=\"https:\/\/cerclebadiou.fr\/index.php\/2024\/04\/19\/rendez-vous-avec-michel-fayet\/\" class=\"more-link\">Continue reading <span class=\"screen-reader-text\">Rendez-vous avec Michel Fayet<\/span><\/a><\/p>\n","protected":false},"author":2,"featured_media":0,"comment_status":"open","ping_status":"open","sticky":false,"template":"","format":"standard","meta":{"footnotes":""},"categories":[1],"tags":[],"class_list":["post-283","post","type-post","status-publish","format-standard","hentry","category-blog"],"_links":{"self":[{"href":"https:\/\/cerclebadiou.fr\/index.php\/wp-json\/wp\/v2\/posts\/283","targetHints":{"allow":["GET"]}}],"collection":[{"href":"https:\/\/cerclebadiou.fr\/index.php\/wp-json\/wp\/v2\/posts"}],"about":[{"href":"https:\/\/cerclebadiou.fr\/index.php\/wp-json\/wp\/v2\/types\/post"}],"author":[{"embeddable":true,"href":"https:\/\/cerclebadiou.fr\/index.php\/wp-json\/wp\/v2\/users\/2"}],"replies":[{"embeddable":true,"href":"https:\/\/cerclebadiou.fr\/index.php\/wp-json\/wp\/v2\/comments?post=283"}],"version-history":[{"count":3,"href":"https:\/\/cerclebadiou.fr\/index.php\/wp-json\/wp\/v2\/posts\/283\/revisions"}],"predecessor-version":[{"id":288,"href":"https:\/\/cerclebadiou.fr\/index.php\/wp-json\/wp\/v2\/posts\/283\/revisions\/288"}],"wp:attachment":[{"href":"https:\/\/cerclebadiou.fr\/index.php\/wp-json\/wp\/v2\/media?parent=283"}],"wp:term":[{"taxonomy":"category","embeddable":true,"href":"https:\/\/cerclebadiou.fr\/index.php\/wp-json\/wp\/v2\/categories?post=283"},{"taxonomy":"post_tag","embeddable":true,"href":"https:\/\/cerclebadiou.fr\/index.php\/wp-json\/wp\/v2\/tags?post=283"}],"curies":[{"name":"wp","href":"https:\/\/api.w.org\/{rel}","templated":true}]}}