{"id":381,"date":"2025-03-14T07:56:29","date_gmt":"2025-03-14T06:56:29","guid":{"rendered":"https:\/\/cerclebadiou.fr\/?p=381"},"modified":"2025-03-14T08:04:10","modified_gmt":"2025-03-14T07:04:10","slug":"leurope-face-a-la-menace-lurgence-dun-rearmement-strategique","status":"publish","type":"post","link":"https:\/\/cerclebadiou.fr\/index.php\/2025\/03\/14\/leurope-face-a-la-menace-lurgence-dun-rearmement-strategique\/","title":{"rendered":"L&#8217;Europe face \u00e0 la menace : l&#8217;urgence d&#8217;un r\u00e9armement strat\u00e9gique"},"content":{"rendered":"\n<figure class=\"wp-block-image size-large\"><img loading=\"lazy\" decoding=\"async\" width=\"1024\" height=\"1024\" src=\"https:\/\/cerclebadiou.fr\/wp-content\/uploads\/2025\/03\/MBS-1-1024x1024.png\" alt=\"\" class=\"wp-image-384\" srcset=\"https:\/\/cerclebadiou.fr\/wp-content\/uploads\/2025\/03\/MBS-1-1024x1024.png 1024w, https:\/\/cerclebadiou.fr\/wp-content\/uploads\/2025\/03\/MBS-1-300x300.png 300w, https:\/\/cerclebadiou.fr\/wp-content\/uploads\/2025\/03\/MBS-1-150x150.png 150w, https:\/\/cerclebadiou.fr\/wp-content\/uploads\/2025\/03\/MBS-1-768x768.png 768w, https:\/\/cerclebadiou.fr\/wp-content\/uploads\/2025\/03\/MBS-1.png 1316w\" sizes=\"auto, (max-width: 1024px) 100vw, 1024px\" \/><\/figure>\n\n\n\n<p><\/p>\n\n\n\n<p>La n\u00e9cessit\u00e9 pour l&#8217;Europe de renforcer sa d\u00e9fense face \u00e0 l&#8217;immobilisme de ses dirigeants et au d\u00e9sengagement am\u00e9ricain a \u00e9t\u00e9 accentu\u00e9 par la r\u00e9\u00e9lection de Donald Trump. La guerre en Ukraine et les ambitions expansionnistes de la Russie justifient un r\u00e9armement europ\u00e9en pour assurer une dissuasion cr\u00e9dible et \u00e9viter d&#8217;avoir \u00e0 combattre. <a href=\"https:\/\/www.facebook.com\/matthieu.boisdron?__cft__[0]=AZVwT3uQ4IrIVaQqqbyjv-ha8gJSy_RkesTpyIgS6S6hhy0ueH77TxztM-catBifNOA4rCS9mUdXs0MzP0JFtGCwLJqmuINZJSp1ea5UmNa5Oggs9hfrYSqhY7JxxCauPvtfQxQfdnQych4XlCwrjHqeA-WfBE5R6guKUjZGafeVdg&amp;__tn__=-]K-R\">Matthieu Boisdron<\/a> rejette l&#8217;id\u00e9e d&#8217;une posture va-t-en-guerre, soulignant que cet effort vise avant tout \u00e0 pr\u00e9venir les conflits. Enfin, il met en garde contre les erreurs du pass\u00e9, rappelant que l&#8217;inaction face aux violations du droit international, comme dans les ann\u00e9es 1930, peut avoir des cons\u00e9quences d\u00e9sastreuses.<\/p>\n\n\n\n<p><em>Cercle Raymond Badiou &#8211; Pourquoi cette tribune ?<\/em><\/p>\n\n\n\n<p>Matthieu Boisdron &#8211; Cette <a href=\"https:\/\/www.lemonde.fr\/idees\/article\/2025\/03\/06\/l-europe-ne-parviendra-pas-a-contrecarrer-l-agression-russe-sans-un-rearmement-massif_6576643_3232.html?fbclid=IwY2xjawJAsC1leHRuA2FlbQIxMQABHaPr_7dkzZyE_HbPssD-sTmTxBn494LIWSWhjPYM0F6f7X773q8MNHXzxg_aem_74_S1cLyT1VCdArRoB-Zug\">tribune<\/a> collective est le fruit d&#8217;une forme d&#8217;exasp\u00e9ration des signataires face \u00e0 l&#8217;immobilisme des dirigeants europ\u00e9ens dans le contexte de la guerre en Ukraine engag\u00e9e depuis f\u00e9vrier 2022, mais aussi de leur aveuglement vis-\u00e0-vis du d\u00e9sengagement am\u00e9ricain, engag\u00e9 de longue date mais qui vient de prendre une forme nouvelle, bien plus agressive et hostile, depuis la r\u00e9\u00e9lection de Donald Trump. Il y a beaucoup d&#8217;effets d&#8217;annonces, mais finalement encore peu d&#8217;actes pour engager une politique de d\u00e9fense s\u00e9rieuse, authentiquement europ\u00e9enne, et affranchie des \u00c9tats-Unis. Certains Europ\u00e9ens ont longtemps \u00e9t\u00e9 dans le d\u00e9ni et la facilit\u00e9. Ils n&#8217;ont pas encore compl\u00e8tement abandonn\u00e9 cet \u00e9tat d&#8217;esprit. Or, la situation n\u00e9cessite un v\u00e9ritable sursaut, un r\u00e9armement qui soit \u00e9galement intellectuel et moral. Nous avons plus que jamais besoin d&#8217;une Europe puissance qui d\u00e9fende les int\u00e9r\u00eats et la souverainet\u00e9 de ses membres dans un contexte marqu\u00e9 par le retour du rapport de force brutal dans les relations internationales, sous l&#8217;effet de l&#8217;exercice des responsabilit\u00e9s par personnalit\u00e9s comme Poutine, Trump, Xi, Erdogan, Modi&#8230;<\/p>\n\n\n\n<p><em>Cercle Raymond Badiou &#8211; Ne s&#8217;agit-il pas l\u00e0 d&#8217;une position &#8220;va-t-en guerre&#8221; ?<\/em><\/p>\n\n\n\n<p>Matthieu Boisdron &#8211; L&#8217;argent que nous allons devoir mettre dans notre r\u00e9armement serait certainement mieux employ\u00e9 ailleurs (\u00e0 l&#8217;universit\u00e9, \u00e0 l\u2019h\u00f4pital&#8230;). Seulement, nous avons \u00e0 nos portes un voisin agressif et impr\u00e9visible. Personne n&#8217;imaginait en f\u00e9vrier 2022 que la Russie engagerait une offensive militaire visant la conqu\u00eate de l&#8217;Ukraine. Que la Russie sorte victorieuse ou d\u00e9faite de cette guerre ne changera pas fondamentalement la donne : elle restera demain une menace qui p\u00e8sera \u00e0 coup s\u00fbr sur la Moldavie et les pays baltes, et potentiellement sur la Pologne et la Roumanie&#8230; Le projet de Poutine &#8211; et il l&#8217;a annonc\u00e9 sans d\u00e9tour \u00e0 Munich en 2007 &#8211; est bien de r\u00e9tablir la puissance et l&#8217;influence russes dans son &#8220;\u00e9tranger proche&#8221;. L&#8217;effort de r\u00e9armement qu&#8217;il nous faut consentir doit justement \u00eatre entrepris pour justement \u00e9viter d&#8217;avoir, un jour, \u00e0 nous en servir, \u00e0 nous battre. C&#8217;est la seule dissuasion possible et efficace face \u00e0 la Russie. C&#8217;est donc tout le contraire d&#8217;une posture va-t-en-guerre.<\/p>\n\n\n\n<p><em>Cercle Raymond Badiou &#8211; Vous avez consacr\u00e9 une part de votre th\u00e8se de doctorat aux relations internationales dans l&#8217;entre-deux-guerres. Que peut nous apporter l&#8217;histoire dans ce contexte ?<\/em><\/p>\n\n\n\n<p>Matthieu Boisdron &#8211; L&#8217;histoire ne se r\u00e9p\u00e8te jamais. Les contextes sont toujours diff\u00e9rents et donc les facteurs explicatifs aussi. N\u00e9anmoins, on constate aujourd&#8217;hui que le syst\u00e8me international \u00e9labor\u00e9 en 1945, sensiblement modifi\u00e9 en 1991, est profond\u00e9ment et potentiellement aussi durablement \u00e9branl\u00e9. Nous subissons, \u00e0 une trentaine d&#8217;ann\u00e9es d&#8217;intervalle, le d\u00e9litement de l&#8217;ordre post guerre froide en Europe. C&#8217;est sans doute la raison pour laquelle divers observateurs ou commentateurs ont convoqu\u00e9 le spectre des ann\u00e9es 1930 et l&#8217;ont rapproch\u00e9 un peu abusivement du moment pr\u00e9sent. Cela \u00e9tant dit, l&#8217;incapacit\u00e9 des principales d\u00e9mocraties europ\u00e9ennes, en 1936 lors de la remilitarisation de la Rh\u00e9nanie, et en 1938 lors de la signature des accords de Munich, \u00e0 s&#8217;opposer aux puissances autoritaires, constitue une le\u00e7on. En mati\u00e8re de relations internationales, le court-termisme et la pusillanimit\u00e9 qui conduisent \u00e0 accepter les pires entorses au droit international se paient souvent tr\u00e8s cher.<\/p>\n","protected":false},"excerpt":{"rendered":"<p>La n\u00e9cessit\u00e9 pour l&#8217;Europe de renforcer sa d\u00e9fense face \u00e0 l&#8217;immobilisme de ses dirigeants et au d\u00e9sengagement am\u00e9ricain a \u00e9t\u00e9 accentu\u00e9 par la r\u00e9\u00e9lection de Donald Trump. La guerre en Ukraine et les ambitions expansionnistes de la Russie justifient un r\u00e9armement europ\u00e9en pour assurer une dissuasion cr\u00e9dible et \u00e9viter d&#8217;avoir \u00e0 combattre. Matthieu Boisdron rejette &hellip; <a href=\"https:\/\/cerclebadiou.fr\/index.php\/2025\/03\/14\/leurope-face-a-la-menace-lurgence-dun-rearmement-strategique\/\" class=\"more-link\">Continue reading <span class=\"screen-reader-text\">L&#8217;Europe face \u00e0 la menace : l&#8217;urgence d&#8217;un r\u00e9armement strat\u00e9gique<\/span><\/a><\/p>\n","protected":false},"author":2,"featured_media":0,"comment_status":"open","ping_status":"open","sticky":false,"template":"","format":"standard","meta":{"footnotes":""},"categories":[1],"tags":[],"class_list":["post-381","post","type-post","status-publish","format-standard","hentry","category-blog"],"_links":{"self":[{"href":"https:\/\/cerclebadiou.fr\/index.php\/wp-json\/wp\/v2\/posts\/381","targetHints":{"allow":["GET"]}}],"collection":[{"href":"https:\/\/cerclebadiou.fr\/index.php\/wp-json\/wp\/v2\/posts"}],"about":[{"href":"https:\/\/cerclebadiou.fr\/index.php\/wp-json\/wp\/v2\/types\/post"}],"author":[{"embeddable":true,"href":"https:\/\/cerclebadiou.fr\/index.php\/wp-json\/wp\/v2\/users\/2"}],"replies":[{"embeddable":true,"href":"https:\/\/cerclebadiou.fr\/index.php\/wp-json\/wp\/v2\/comments?post=381"}],"version-history":[{"count":2,"href":"https:\/\/cerclebadiou.fr\/index.php\/wp-json\/wp\/v2\/posts\/381\/revisions"}],"predecessor-version":[{"id":385,"href":"https:\/\/cerclebadiou.fr\/index.php\/wp-json\/wp\/v2\/posts\/381\/revisions\/385"}],"wp:attachment":[{"href":"https:\/\/cerclebadiou.fr\/index.php\/wp-json\/wp\/v2\/media?parent=381"}],"wp:term":[{"taxonomy":"category","embeddable":true,"href":"https:\/\/cerclebadiou.fr\/index.php\/wp-json\/wp\/v2\/categories?post=381"},{"taxonomy":"post_tag","embeddable":true,"href":"https:\/\/cerclebadiou.fr\/index.php\/wp-json\/wp\/v2\/tags?post=381"}],"curies":[{"name":"wp","href":"https:\/\/api.w.org\/{rel}","templated":true}]}}