{"id":387,"date":"2025-06-03T16:24:24","date_gmt":"2025-06-03T14:24:24","guid":{"rendered":"https:\/\/cerclebadiou.fr\/?p=387"},"modified":"2025-06-09T10:00:25","modified_gmt":"2025-06-09T08:00:25","slug":"rocard-une-biographie-internationale","status":"publish","type":"post","link":"https:\/\/cerclebadiou.fr\/index.php\/2025\/06\/03\/rocard-une-biographie-internationale\/","title":{"rendered":"Rocard, une biographie internationale"},"content":{"rendered":"\n<p><strong>Le Cercle Raymond Badiou<\/strong><br>a le plaisir de vous inviter \u00e0 une rencontre exceptionnelle<\/p>\n\n\n\n<p><strong>HISTOIRE ET POLITIQUE<\/strong><\/p>\n\n\n\n<p><strong>Samedi 14 juin 2025 \u00e0 11h00<\/strong><br>Salle de conf\u00e9rences &#8211; Ombres blanches &#8211; 50, rue L\u00e9on Gambetta \u00e0 Toulouse.<\/p>\n\n\n\n<h3 class=\"wp-block-heading\">Rencontre avec&nbsp;<strong>Vincent Duclert<\/strong><\/h3>\n\n\n\n<p>\u00e0 l\u2019occasion de la parution de son ouvrage<br><strong><em><a href=\"https:\/\/passes-composes.com\/book\/437\">Rocard. Une biographie internationale<\/a><\/em><\/strong><br>aux \u00e9ditions&nbsp;<em><a href=\"https:\/\/passes-composes.com\">Pass\u00e9s Compos\u00e9s<\/a><\/em><\/p>\n\n\n\n<p>Historien reconnu, sp\u00e9cialiste de l\u2019affaire Dreyfus et des soci\u00e9t\u00e9s d\u00e9mocratiques, Vincent Duclert reviendra sur le parcours de Michel Rocard \u00e0 travers une perspective internationale, \u00e0 l\u2019occasion de cette biographie salu\u00e9e par la critique.<\/p>\n\n\n\n<p>Le d\u00e9bat sera anim\u00e9 par&nbsp;<strong>R\u00e9my Pech<\/strong>,<br>en collaboration avec l\u2019<strong>association <a href=\"https:\/\/www.amisdejaures-toulouse.info\">Les Amis de Jean Jaur\u00e8s \u2013 Toulouse<\/a><\/strong><br>et avec le&nbsp;<strong>soutien du Cercle Raymond Badiou<\/strong>.<\/p>\n\n\n\n<p>\ud83d\udcd6 L\u2019ouvrage sera disponible \u00e0 la vente \u00e0 l\u2019issue de la rencontre.<br>\ud83d\udccd&nbsp;<strong>Entr\u00e9e libre dans la limite des places disponibles.<\/strong><\/p>\n\n\n\n<figure class=\"wp-block-image size-large\"><img loading=\"lazy\" decoding=\"async\" width=\"1024\" height=\"1024\" src=\"https:\/\/cerclebadiou.fr\/wp-content\/uploads\/2025\/06\/DUCLERT4-1024x1024.png\" alt=\"\" class=\"wp-image-388\" srcset=\"https:\/\/cerclebadiou.fr\/wp-content\/uploads\/2025\/06\/DUCLERT4-1024x1024.png 1024w, https:\/\/cerclebadiou.fr\/wp-content\/uploads\/2025\/06\/DUCLERT4-300x300.png 300w, https:\/\/cerclebadiou.fr\/wp-content\/uploads\/2025\/06\/DUCLERT4-150x150.png 150w, https:\/\/cerclebadiou.fr\/wp-content\/uploads\/2025\/06\/DUCLERT4-768x768.png 768w, https:\/\/cerclebadiou.fr\/wp-content\/uploads\/2025\/06\/DUCLERT4.png 1261w\" sizes=\"auto, (max-width: 1024px) 100vw, 1024px\" \/><\/figure>\n\n\n\n<figure class=\"wp-block-image size-large\"><img loading=\"lazy\" decoding=\"async\" width=\"1024\" height=\"1024\" src=\"https:\/\/cerclebadiou.fr\/wp-content\/uploads\/2025\/06\/DUCLERT2-1024x1024.png\" alt=\"\" class=\"wp-image-389\" srcset=\"https:\/\/cerclebadiou.fr\/wp-content\/uploads\/2025\/06\/DUCLERT2-1024x1024.png 1024w, https:\/\/cerclebadiou.fr\/wp-content\/uploads\/2025\/06\/DUCLERT2-300x300.png 300w, https:\/\/cerclebadiou.fr\/wp-content\/uploads\/2025\/06\/DUCLERT2-150x150.png 150w, https:\/\/cerclebadiou.fr\/wp-content\/uploads\/2025\/06\/DUCLERT2-768x768.png 768w, https:\/\/cerclebadiou.fr\/wp-content\/uploads\/2025\/06\/DUCLERT2.png 1261w\" sizes=\"auto, (max-width: 1024px) 100vw, 1024px\" \/><\/figure>\n\n\n\n<figure class=\"wp-block-image size-large\"><img loading=\"lazy\" decoding=\"async\" width=\"1024\" height=\"1024\" src=\"https:\/\/cerclebadiou.fr\/wp-content\/uploads\/2025\/06\/DUCLERT3-1024x1024.png\" alt=\"\" class=\"wp-image-391\" srcset=\"https:\/\/cerclebadiou.fr\/wp-content\/uploads\/2025\/06\/DUCLERT3-1024x1024.png 1024w, https:\/\/cerclebadiou.fr\/wp-content\/uploads\/2025\/06\/DUCLERT3-300x300.png 300w, https:\/\/cerclebadiou.fr\/wp-content\/uploads\/2025\/06\/DUCLERT3-150x150.png 150w, https:\/\/cerclebadiou.fr\/wp-content\/uploads\/2025\/06\/DUCLERT3-768x768.png 768w, https:\/\/cerclebadiou.fr\/wp-content\/uploads\/2025\/06\/DUCLERT3.png 1261w\" sizes=\"auto, (max-width: 1024px) 100vw, 1024px\" \/><\/figure>\n\n\n\n<figure class=\"wp-block-embed is-type-rich is-provider-twitter wp-block-embed-twitter\"><div class=\"wp-block-embed__wrapper\">\n<blockquote class=\"twitter-tweet\" data-width=\"550\" data-dnt=\"true\"><p lang=\"fr\" dir=\"ltr\">\ud83d\udcda Le Cercle Raymond Badiou vous invite \u00e0 une rencontre exceptionnelle avec l\u2019historien Vincent Duclert autour de sa biographie Rocard.<br><br>\ud83d\uddd3\ufe0f Sam. 14 juin \u00e0 11h<br>\ud83d\udccd Ombres Blanches, Toulouse<br>\ud83c\udf99\ufe0f D\u00e9bat anim\u00e9 par R\u00e9my Pech<br><br>Entr\u00e9e libre !<a href=\"https:\/\/twitter.com\/hashtag\/Histoire?src=hash&amp;ref_src=twsrc%5Etfw\">#Histoire<\/a> <a href=\"https:\/\/twitter.com\/hashtag\/Politique?src=hash&amp;ref_src=twsrc%5Etfw\">#Politique<\/a> <a href=\"https:\/\/t.co\/VjAVT3LMqV\">pic.twitter.com\/VjAVT3LMqV<\/a><\/p>&mdash; Cercle Raymond Badiou (@CercleBadiou) <a href=\"https:\/\/twitter.com\/CercleBadiou\/status\/1929936255799689642?ref_src=twsrc%5Etfw\">June 3, 2025<\/a><\/blockquote><script async src=\"https:\/\/platform.twitter.com\/widgets.js\" charset=\"utf-8\"><\/script>\n<\/div><\/figure>\n","protected":false},"excerpt":{"rendered":"<p>Le Cercle Raymond Badioua le plaisir de vous inviter \u00e0 une rencontre exceptionnelle HISTOIRE ET POLITIQUE Samedi 14 juin 2025 \u00e0 11h00Salle de conf\u00e9rences &#8211; Ombres blanches &#8211; 50, rue L\u00e9on Gambetta \u00e0 Toulouse. Rencontre avec&nbsp;Vincent Duclert \u00e0 l\u2019occasion de la parution de son ouvrageRocard. Une biographie internationaleaux \u00e9ditions&nbsp;Pass\u00e9s Compos\u00e9s Historien reconnu, sp\u00e9cialiste de l\u2019affaire &hellip; <a href=\"https:\/\/cerclebadiou.fr\/index.php\/2025\/06\/03\/rocard-une-biographie-internationale\/\" class=\"more-link\">Continue reading <span class=\"screen-reader-text\">Rocard, une biographie internationale<\/span><\/a><\/p>\n","protected":false},"author":2,"featured_media":0,"comment_status":"open","ping_status":"open","sticky":false,"template":"","format":"standard","meta":{"footnotes":""},"categories":[1],"tags":[],"class_list":["post-387","post","type-post","status-publish","format-standard","hentry","category-blog"],"_links":{"self":[{"href":"https:\/\/cerclebadiou.fr\/index.php\/wp-json\/wp\/v2\/posts\/387","targetHints":{"allow":["GET"]}}],"collection":[{"href":"https:\/\/cerclebadiou.fr\/index.php\/wp-json\/wp\/v2\/posts"}],"about":[{"href":"https:\/\/cerclebadiou.fr\/index.php\/wp-json\/wp\/v2\/types\/post"}],"author":[{"embeddable":true,"href":"https:\/\/cerclebadiou.fr\/index.php\/wp-json\/wp\/v2\/users\/2"}],"replies":[{"embeddable":true,"href":"https:\/\/cerclebadiou.fr\/index.php\/wp-json\/wp\/v2\/comments?post=387"}],"version-history":[{"count":5,"href":"https:\/\/cerclebadiou.fr\/index.php\/wp-json\/wp\/v2\/posts\/387\/revisions"}],"predecessor-version":[{"id":395,"href":"https:\/\/cerclebadiou.fr\/index.php\/wp-json\/wp\/v2\/posts\/387\/revisions\/395"}],"wp:attachment":[{"href":"https:\/\/cerclebadiou.fr\/index.php\/wp-json\/wp\/v2\/media?parent=387"}],"wp:term":[{"taxonomy":"category","embeddable":true,"href":"https:\/\/cerclebadiou.fr\/index.php\/wp-json\/wp\/v2\/categories?post=387"},{"taxonomy":"post_tag","embeddable":true,"href":"https:\/\/cerclebadiou.fr\/index.php\/wp-json\/wp\/v2\/tags?post=387"}],"curies":[{"name":"wp","href":"https:\/\/api.w.org\/{rel}","templated":true}]}}