{"id":59,"date":"2024-04-25T08:16:56","date_gmt":"2024-04-25T06:16:56","guid":{"rendered":"https:\/\/cerclebadiou.fr\/?p=59"},"modified":"2024-05-09T14:30:34","modified_gmt":"2024-05-09T12:30:34","slug":"le-projet-handke-et-le-retour-de-karl-may-de-jeton-neziraj","status":"publish","type":"post","link":"https:\/\/cerclebadiou.fr\/index.php\/2024\/04\/25\/le-projet-handke-et-le-retour-de-karl-may-de-jeton-neziraj\/","title":{"rendered":"S\u00e9bastien &amp; Jeton"},"content":{"rendered":"\n<p>Voici un nouveau volume des pi\u00e8ces de th\u00e9\u00e2tre de cet artiste majeur du Kosovo, Jeton Neziraj, que S\u00e9bastien Gricourt a eu l&#8217;honneur de traduire (et prim\u00e9 pour l&#8217;une d&#8217;entre elles), pour les \u00e9ditions l&#8217;Espace d&#8217;un instant.<\/p>\n\n\n\n<p><em>Le Projet Handke et Le Retour de Karl May<\/em>, de Jeton Neziraj<\/p>\n\n\n\n<p><em>Le Projet Handke<\/em> est un pamphlet th\u00e9\u00e2tral, avec Biljana Srbljanovi\u0107 \u00e0 la dramaturgie, en guise de r\u00e9ponse des Balkans au prix Nobel d\u00e9cern\u00e9 \u00e0 Peter Handke, ce dernier ayant toujours ni\u00e9 ou minor\u00e9 les crimes de Milo\u0161evi\u0107 en ex-Yougoslavie. Texte laur\u00e9at des Journ\u00e9es de Lyon des auteurs de th\u00e9\u00e2tre 2024.<\/p>\n\n\n\n<p><em>Le Retour de Karl May<\/em> est une r\u00e9ponse similaire aux romans d\u2019aventures coloniales de cet auteur allemand de la fin du XIXe si\u00e8cle, tr\u00e8s en vogue \u00e0 l\u2019\u00e9poque, en forme de voyage initiatique d\u2019une troupe kosovare \u00e0 la rescousse d\u2019un grand th\u00e9\u00e2tre berlinois, \u00e0 l\u2019\u00e9poque contemporaine \u2013 car la vision de l\u2019Orient par l\u2019Occident n\u2019a gu\u00e8re \u00e9volu\u00e9 depuis.<\/p>\n\n\n\n<p>Disponible d\u00e8s \u00e0 pr\u00e9sent sur la boutique en ligne : <a href=\"https:\/\/lnkd.in\/eKfBiC6S?trk=public_post-text\">https:\/\/lnkd.in\/eKfBiC6S<\/a> <\/p>\n\n\n\n<p>En librairie \u00e0 partir du 25 avril 2024 <a href=\"https:\/\/lnkd.in\/ewdf-4Gn?trk=public_post-text\">https:\/\/lnkd.in\/ewdf-4Gn<\/a> <\/p>\n\n\n\n<p>Les \u00e9ditions l&#8217;Espace d&#8217;un instant sont une initiative de la Maison d&#8217;Europe et d&#8217;Orient, p\u00f4le culturel europ\u00e9en &#8211; association reconnue d&#8217;int\u00e9r\u00eat g\u00e9n\u00e9ral, avec le soutien de la Fondation Jan Michalski, du minist\u00e8re de la Culture et de la Ville de Paris, et en partenariat avec le Th\u00e9\u00e2tre dans la For\u00eat. <\/p>\n\n\n\n<p>Contact + 33 9 75 47 27 23 &#8211; agence\u2605<a href=\"http:\/\/parlatges.org\/?trk=public_post-text\">parlatges.org<\/a> <\/p>\n\n\n\n<p>Lectures et rencontres au Grand Rond \u00e0 Toulouse le 6 mai et au TNP Villeurbanne le 31 mai.<\/p>\n\n\n\n<p><strong>S\u00e9bastien Gricourt<\/strong><\/p>\n\n\n\n<figure class=\"wp-block-image\"><img loading=\"lazy\" decoding=\"async\" width=\"926\" height=\"436\" src=\"https:\/\/cerclebadiou.fr\/wp-content\/uploads\/2024\/04\/Capture-decran-2024-04-25-a-08.12.10.png\" alt=\"\" class=\"wp-image-60\" srcset=\"https:\/\/cerclebadiou.fr\/wp-content\/uploads\/2024\/04\/Capture-decran-2024-04-25-a-08.12.10.png 926w, https:\/\/cerclebadiou.fr\/wp-content\/uploads\/2024\/04\/Capture-decran-2024-04-25-a-08.12.10-300x141.png 300w, https:\/\/cerclebadiou.fr\/wp-content\/uploads\/2024\/04\/Capture-decran-2024-04-25-a-08.12.10-768x362.png 768w\" sizes=\"auto, (max-width: 926px) 100vw, 926px\" \/><\/figure>\n\n\n\n<p>S\u00e9bastien Gricourt, dipl\u00f4m\u00e9 de l&#8217;Institut national des langues et civilisations orientales et fr\u00e9quentant les Balkans d\u00e8s 1990, d\u00e9bute sa carri\u00e8re au sein des organisations internationales pr\u00e9sentes dans cette r\u00e9gion entre 1997 et 2010, avant d&#8217;y revenir depuis la fin de l&#8217;ann\u00e9e 2021. Auteur de nombreux articles, il codirige en 2014 l&#8217;ouvrage collectif <em>Kosovo : r\u00e9cits sur la construction d&#8217;un \u00c9tat<\/em> et cr\u00e9e en 2018 l&#8217;Observatoire Balkans de la Fondation Jean-Jaur\u00e8s. Depuis, il a traduit plusieurs auteurs albanophones, dont un recueil de pi\u00e8ces de th\u00e9\u00e2tre de Jeton Neziraj (<em>Vol au-dessus du th\u00e9\u00e2tre du Kosovo<\/em> &#8211; prix 2023 de la traduction du PEN Club &#8211; et <em>Une pi\u00e8ce de th\u00e9\u00e2tre avec quatre acteurs, avec quelques cochons, vaches, chevaux<\/em>, [..], L&#8217;Espace d&#8217;un Instant, 2020, cotraduites avec Evelyne Noygues) et sa pi\u00e8ce <em>a.y. lan <\/em>(revue Sc\u00e8nes d&#8217;Europe, 2023).<\/p>\n\n\n\n<p><strong>Jeton Neziraj<\/strong><\/p>\n\n\n\n<figure class=\"wp-block-image is-resized\"><img loading=\"lazy\" decoding=\"async\" width=\"934\" height=\"448\" src=\"https:\/\/cerclebadiou.fr\/wp-content\/uploads\/2024\/04\/Capture-decran-2024-04-25-a-08.12.20.png\" alt=\"\" class=\"wp-image-61\" style=\"width:620px;height:auto\" srcset=\"https:\/\/cerclebadiou.fr\/wp-content\/uploads\/2024\/04\/Capture-decran-2024-04-25-a-08.12.20.png 934w, https:\/\/cerclebadiou.fr\/wp-content\/uploads\/2024\/04\/Capture-decran-2024-04-25-a-08.12.20-300x144.png 300w, https:\/\/cerclebadiou.fr\/wp-content\/uploads\/2024\/04\/Capture-decran-2024-04-25-a-08.12.20-768x368.png 768w\" sizes=\"auto, (max-width: 934px) 100vw, 934px\" \/><\/figure>\n\n\n\n<p>Jeton Neziraj est n\u00e9 en 1977 au Kosovo. Il est dramaturge et sc\u00e9nariste. Ses \u0153uvres ont \u00e9t\u00e9 pr\u00e9sent\u00e9es dans une quinzaine de langues en Europe et en Am\u00e9rique du Nord, du th\u00e9\u00e2tre national d&#8217;Istanbul \u00e0 La MaMa \u00e0 New York, en passant par le Vidy \u00e0 Lausanne et le Piccolo \u00e0 Milan. Il a \u00e9t\u00e9 directeur du Th\u00e9\u00e2tre national du Kosovo de 2008 \u00e0 2011 et dirige actuellement le Qendra Multimedia, principal p\u00f4le culturel ind\u00e9pendant de l&#8217;espace albanophone, qu&#8217;il a fond\u00e9 en 2002. Censur\u00e9e en Chine, son \u0153uvre est tr\u00e8s impliqu\u00e9e socialement et politiquement.<\/p>\n\n\n\n<p>Lundi 6 mai 2024 \u00e0 partir de 18 h 00 \u00e0 Toulouse au th\u00e9\u00e2tre du Grand-Rond. <em>Conf\u00e9rences et lecture par Dominique Dolmieu, Mitia Fedotenko, Alexandra Plays et Val\u00e9ry Volf.<\/em><\/p>\n\n\n\n<p><a href=\"https:\/\/grand-rond.org\/spectacle\/2579\">Th\u00e9\u00e2tre du Grand-Rond<\/a><\/p>\n\n\n\n<p><a href=\"https:\/\/www.facebook.com\/events\/1501063637420334?acontext=%7B%22event_action_history%22%3A[%7B%22surface%22%3A%22user_timeline%22%7D%2C%7B%22mechanism%22%3A%22your_upcoming_events_unit%22%2C%22surface%22%3A%22bookmark%22%7D]%2C%22ref_notif_type%22%3Anull%7D&amp;locale=fr_FR\">Ev\u00e9nement Facebook<\/a><\/p>\n\n\n\n<p>Inscrivez-vous \u00e0 l\u2019\u00e9v\u00e9nement :&nbsp;<a href=\"https:\/\/my.weezevent.com\/en-2024-saisissons-nous-du-drapeau-europeen-pour-promouvoir-les-democraties?_gl=1*1hsshsw*_gcl_au*MTc5MzI4NDkwMC4xNzEyMzI2NTE4*_ga*MjA0Nzk0MDY4Ni4xNzEyMzI2NTE4*_ga_39H9VBFX7G*MTcxMjM5MzE5Ny4zLjEuMTcxMjM5MzE5OC41OS4wLjA.\">https:\/\/my.weezevent.com\/<\/a><\/p>\n","protected":false},"excerpt":{"rendered":"<p>Voici un nouveau volume des pi\u00e8ces de th\u00e9\u00e2tre de cet artiste majeur du Kosovo, Jeton Neziraj, que S\u00e9bastien Gricourt a eu l&#8217;honneur de traduire (et prim\u00e9 pour l&#8217;une d&#8217;entre elles), pour les \u00e9ditions l&#8217;Espace d&#8217;un instant. Le Projet Handke et Le Retour de Karl May, de Jeton Neziraj Le Projet Handke est un pamphlet th\u00e9\u00e2tral, &hellip; <a href=\"https:\/\/cerclebadiou.fr\/index.php\/2024\/04\/25\/le-projet-handke-et-le-retour-de-karl-may-de-jeton-neziraj\/\" class=\"more-link\">Continue reading <span class=\"screen-reader-text\">S\u00e9bastien &amp; Jeton<\/span><\/a><\/p>\n","protected":false},"author":2,"featured_media":0,"comment_status":"open","ping_status":"open","sticky":false,"template":"","format":"standard","meta":{"footnotes":""},"categories":[1],"tags":[],"class_list":["post-59","post","type-post","status-publish","format-standard","hentry","category-blog"],"_links":{"self":[{"href":"https:\/\/cerclebadiou.fr\/index.php\/wp-json\/wp\/v2\/posts\/59","targetHints":{"allow":["GET"]}}],"collection":[{"href":"https:\/\/cerclebadiou.fr\/index.php\/wp-json\/wp\/v2\/posts"}],"about":[{"href":"https:\/\/cerclebadiou.fr\/index.php\/wp-json\/wp\/v2\/types\/post"}],"author":[{"embeddable":true,"href":"https:\/\/cerclebadiou.fr\/index.php\/wp-json\/wp\/v2\/users\/2"}],"replies":[{"embeddable":true,"href":"https:\/\/cerclebadiou.fr\/index.php\/wp-json\/wp\/v2\/comments?post=59"}],"version-history":[{"count":6,"href":"https:\/\/cerclebadiou.fr\/index.php\/wp-json\/wp\/v2\/posts\/59\/revisions"}],"predecessor-version":[{"id":161,"href":"https:\/\/cerclebadiou.fr\/index.php\/wp-json\/wp\/v2\/posts\/59\/revisions\/161"}],"wp:attachment":[{"href":"https:\/\/cerclebadiou.fr\/index.php\/wp-json\/wp\/v2\/media?parent=59"}],"wp:term":[{"taxonomy":"category","embeddable":true,"href":"https:\/\/cerclebadiou.fr\/index.php\/wp-json\/wp\/v2\/categories?post=59"},{"taxonomy":"post_tag","embeddable":true,"href":"https:\/\/cerclebadiou.fr\/index.php\/wp-json\/wp\/v2\/tags?post=59"}],"curies":[{"name":"wp","href":"https:\/\/api.w.org\/{rel}","templated":true}]}}