{"id":7,"date":"2024-04-03T10:05:03","date_gmt":"2024-04-03T08:05:03","guid":{"rendered":"https:\/\/cerclebadiou.fr\/?p=7"},"modified":"2024-05-09T13:40:29","modified_gmt":"2024-05-09T11:40:29","slug":"reunion-6-mai","status":"publish","type":"post","link":"https:\/\/cerclebadiou.fr\/index.php\/2024\/04\/03\/reunion-6-mai\/","title":{"rendered":"Rendez-vous au th\u00e9\u00e2tre"},"content":{"rendered":"\n<figure class=\"wp-block-image size-large\"><img loading=\"lazy\" decoding=\"async\" width=\"1024\" height=\"718\" src=\"https:\/\/cerclebadiou.fr\/wp-content\/uploads\/2024\/04\/Capture-decran-2024-04-05-a-16.18.04-1024x718.png\" alt=\"\" class=\"wp-image-10\" srcset=\"https:\/\/cerclebadiou.fr\/wp-content\/uploads\/2024\/04\/Capture-decran-2024-04-05-a-16.18.04-1024x718.png 1024w, https:\/\/cerclebadiou.fr\/wp-content\/uploads\/2024\/04\/Capture-decran-2024-04-05-a-16.18.04-300x210.png 300w, https:\/\/cerclebadiou.fr\/wp-content\/uploads\/2024\/04\/Capture-decran-2024-04-05-a-16.18.04-768x538.png 768w, https:\/\/cerclebadiou.fr\/wp-content\/uploads\/2024\/04\/Capture-decran-2024-04-05-a-16.18.04-1536x1076.png 1536w, https:\/\/cerclebadiou.fr\/wp-content\/uploads\/2024\/04\/Capture-decran-2024-04-05-a-16.18.04.png 2018w\" sizes=\"auto, (max-width: 1024px) 100vw, 1024px\" \/><\/figure>\n\n\n\n<p>&gt;&gt;&gt; Enjeu contemporain &#8211;&nbsp;discussion<\/p>\n\n\n\n<p><strong>18 h 00<\/strong><\/p>\n\n\n\n<p><strong>Paix contre dictatures ? Sortir de l\u2019impuissance d\u00e9mocratique<\/strong><\/p>\n\n\n\n<p>D\u00e9l\u00e9gu\u00e9 de la France \u00e0 la Soci\u00e9t\u00e9 des Nations, ministre des Affaires \u00e9trang\u00e8res, militant socialiste, Joseph Paul-Boncour fut le promoteur malheureux (et aussi un peu d\u00e9muni) d\u2019une politique plus r\u00e9solue face aux remises en cause de l\u2019ordre international par l\u2019Allemagne nazie. Avec le recul, son activit\u00e9 diplomatique et son \u00e9chec offrent des le\u00e7ons encore tr\u00e8s actuelles sur la capacit\u00e9 des d\u00e9mocraties \u00e0 imposer le respect des institutions internationales qu\u2019elles fondent.<\/p>\n\n\n\n<p>avec <strong>Matthieu Boisdron<\/strong> &#8211; Matthieu Boisdron a obtenu en 2021 le prix&nbsp;de th\u00e8se de l\u2019Assembl\u00e9e nationale pour sa&nbsp;biographie de Joseph Paul-Boncour (1873-1972). Il est \u00e9galement r\u00e9dacteur en chef&nbsp;adjoint du Courrier d\u2019Europe centrale.<\/p>\n\n\n\n<p>&gt;&gt;&gt; Carte blanche &#8211;&nbsp;opinion<\/p>\n\n\n\n<p><strong>19 h 00<\/strong><\/p>\n\n\n\n<p><strong>Europe : comment ne pas subir ? Le combat de l\u2019Ukraine est le n\u00f4tre<\/strong><\/p>\n\n\n\n<p>La guerre a fait prendre conscience aux Europ\u00e9ens de leurs faiblesses.&nbsp;Toutes les majorit\u00e9s parlementaires europ\u00e9ennes \u2013 \u00e0 l\u2019exception notable de&nbsp;celle de la Hongrie \u2013 disent qu\u2019il faut que la Russie se retire des territoires&nbsp;ukrainiens envahis. Avec cette guerre, les Europ\u00e9ens doivent faire des choix.&nbsp;Subir le sort d\u2019une puissance sous influence ou se sauver en dessinant les&nbsp;contours d\u2019une nouvelle souverainet\u00e9 supranationale ?<\/p>\n\n\n\n<p>avec <strong>S\u00e9bastien Gricourt<\/strong> &#8211; Conseiller aux affaires europ\u00e9ennes aupr\u00e8s&nbsp;du vice-Premier ministre du Kosovo, il&nbsp;participe de la construction d\u2019un nouvel \u00c9tat&nbsp;d\u00e9mocratique au c\u0153ur de l\u2019Europe. S\u00e9bastien&nbsp;Gricourt est \u00e0 l\u2019origine de la cr\u00e9ation de&nbsp;l\u2019Observatoire des Balkans \u00e0 la Fondation&nbsp;Jean-Jaur\u00e8s.<\/p>\n\n\n\n<p>&gt;&gt;&gt; Cr\u00e9ation artistique &#8211; lectures<\/p>\n\n\n\n<p><strong>20 h 00<\/strong><\/p>\n\n\n\n<p><strong>Les n\u00e9gationnistes du g\u00e9nocide au th\u00e9\u00e2tre &#8211;&nbsp;Le retour de Karl May<\/strong><\/p>\n\n\n\n<p>Le texte de Jeton Neziraj confronte le public \u00e0 l\u2019approche que l\u2019Europe&nbsp;occidentale, avec sa pr\u00e9tendue sup\u00e9riorit\u00e9, r\u00e9serve \u00e0 l\u2019Europe de l\u2019Est.&nbsp;Lorsque Peter Handke, prix Nobel de litt\u00e9rature 2019, remet en question&nbsp;le g\u00e9nocide de Srebrenica, il ne veut pas faire la lumi\u00e8re sur ce crime. Il&nbsp;conteste la v\u00e9rit\u00e9 afin qu\u2019elle soit ni\u00e9e.<\/p>\n\n\n\n<p>avec <strong>Dominique Dolmieu<\/strong> &#8211; Dominique Dolmieu a fond\u00e9 la Maison&nbsp;d\u2019Europe et d\u2019Orient et dirige les \u00c9ditions&nbsp;l\u2019Espace d\u2019un instant et anime le Th\u00e9\u00e2tre dans&nbsp;la For\u00eat. Depuis 2022, il est expert de l\u2019Institut&nbsp;ukrainien de traduction th\u00e9\u00e2trale.<\/p>\n\n\n\n<p><em><em>Lecture par Dominique Dolmieu, <a href=\"https:\/\/www.autremina.net\/mitia-fedotenko\">Mitia Fedotenko<\/a>, <a href=\"https:\/\/fr.linkedin.com\/in\/alexandra-plays-a2119771\">Alexandra Plays<\/a> et <a href=\"https:\/\/www.valery-volf.fr\">Val\u00e9ry Volf<\/a>.<\/em><\/em><\/p>\n\n\n\n<figure class=\"wp-block-image size-full\"><img loading=\"lazy\" decoding=\"async\" width=\"940\" height=\"788\" src=\"https:\/\/cerclebadiou.fr\/wp-content\/uploads\/2024\/05\/retour-may.png\" alt=\"\" class=\"wp-image-79\" srcset=\"https:\/\/cerclebadiou.fr\/wp-content\/uploads\/2024\/05\/retour-may.png 940w, https:\/\/cerclebadiou.fr\/wp-content\/uploads\/2024\/05\/retour-may-300x251.png 300w, https:\/\/cerclebadiou.fr\/wp-content\/uploads\/2024\/05\/retour-may-768x644.png 768w\" sizes=\"auto, (max-width: 940px) 100vw, 940px\" \/><\/figure>\n\n\n\n<p><a href=\"https:\/\/grand-rond.org\/spectacle\/2579\">Th\u00e9\u00e2tre du Grand-Rond<\/a><\/p>\n\n\n\n<p><a href=\"https:\/\/www.facebook.com\/events\/1501063637420334?acontext=%7B%22event_action_history%22%3A[%7B%22surface%22%3A%22user_timeline%22%7D%2C%7B%22mechanism%22%3A%22your_upcoming_events_unit%22%2C%22surface%22%3A%22bookmark%22%7D]%2C%22ref_notif_type%22%3Anull%7D&amp;locale=fr_FR\">Ev\u00e9nement Facebook<\/a><\/p>\n\n\n\n<p>Inscrivez-vous \u00e0 l\u2019\u00e9v\u00e9nement :&nbsp;<a href=\"https:\/\/my.weezevent.com\/en-2024-saisissons-nous-du-drapeau-europeen-pour-promouvoir-les-democraties?_gl=1*1hsshsw*_gcl_au*MTc5MzI4NDkwMC4xNzEyMzI2NTE4*_ga*MjA0Nzk0MDY4Ni4xNzEyMzI2NTE4*_ga_39H9VBFX7G*MTcxMjM5MzE5Ny4zLjEuMTcxMjM5MzE5OC41OS4wLjA.\">https:\/\/my.weezevent.com\/<\/a><\/p>\n\n\n\n<p>T\u00e9l\u00e9chargez le carton d\u2019invitation :&nbsp;<a href=\"https:\/\/cerclebadiou.fr\/wp-content\/uploads\/2024\/04\/20240509.pdf\">Imprim\u00e9 au format PDF<\/a><\/p>\n\n\n\n<div data-wp-interactive=\"core\/file\" class=\"wp-block-file\"><object data-wp-bind--hidden=\"!state.hasPdfPreview\" hidden class=\"wp-block-file__embed\" data=\"https:\/\/cerclebadiou.fr\/wp-content\/uploads\/2024\/04\/20240509.pdf\" type=\"application\/pdf\" style=\"width:100%;height:600px\" aria-label=\"Embed of 20240509.\"><\/object><a id=\"wp-block-file--media-545aa29f-709b-4a5a-accb-23da13fab2a3\" href=\"https:\/\/cerclebadiou.fr\/wp-content\/uploads\/2024\/04\/20240509.pdf\">20240509<\/a><a href=\"https:\/\/cerclebadiou.fr\/wp-content\/uploads\/2024\/04\/20240509.pdf\" class=\"wp-block-file__button wp-element-button\" download aria-describedby=\"wp-block-file--media-545aa29f-709b-4a5a-accb-23da13fab2a3\">T\u00e9l\u00e9charger<\/a><\/div>\n","protected":false},"excerpt":{"rendered":"<p>&gt;&gt;&gt; Enjeu contemporain &#8211;&nbsp;discussion 18 h 00 Paix contre dictatures ? Sortir de l\u2019impuissance d\u00e9mocratique D\u00e9l\u00e9gu\u00e9 de la France \u00e0 la Soci\u00e9t\u00e9 des Nations, ministre des Affaires \u00e9trang\u00e8res, militant socialiste, Joseph Paul-Boncour fut le promoteur malheureux (et aussi un peu d\u00e9muni) d\u2019une politique plus r\u00e9solue face aux remises en cause de l\u2019ordre international par l\u2019Allemagne &hellip; <a href=\"https:\/\/cerclebadiou.fr\/index.php\/2024\/04\/03\/reunion-6-mai\/\" class=\"more-link\">Continue reading <span class=\"screen-reader-text\">Rendez-vous au th\u00e9\u00e2tre<\/span><\/a><\/p>\n","protected":false},"author":2,"featured_media":0,"comment_status":"open","ping_status":"open","sticky":false,"template":"","format":"standard","meta":{"footnotes":""},"categories":[1],"tags":[],"class_list":["post-7","post","type-post","status-publish","format-standard","hentry","category-blog"],"_links":{"self":[{"href":"https:\/\/cerclebadiou.fr\/index.php\/wp-json\/wp\/v2\/posts\/7","targetHints":{"allow":["GET"]}}],"collection":[{"href":"https:\/\/cerclebadiou.fr\/index.php\/wp-json\/wp\/v2\/posts"}],"about":[{"href":"https:\/\/cerclebadiou.fr\/index.php\/wp-json\/wp\/v2\/types\/post"}],"author":[{"embeddable":true,"href":"https:\/\/cerclebadiou.fr\/index.php\/wp-json\/wp\/v2\/users\/2"}],"replies":[{"embeddable":true,"href":"https:\/\/cerclebadiou.fr\/index.php\/wp-json\/wp\/v2\/comments?post=7"}],"version-history":[{"count":8,"href":"https:\/\/cerclebadiou.fr\/index.php\/wp-json\/wp\/v2\/posts\/7\/revisions"}],"predecessor-version":[{"id":136,"href":"https:\/\/cerclebadiou.fr\/index.php\/wp-json\/wp\/v2\/posts\/7\/revisions\/136"}],"wp:attachment":[{"href":"https:\/\/cerclebadiou.fr\/index.php\/wp-json\/wp\/v2\/media?parent=7"}],"wp:term":[{"taxonomy":"category","embeddable":true,"href":"https:\/\/cerclebadiou.fr\/index.php\/wp-json\/wp\/v2\/categories?post=7"},{"taxonomy":"post_tag","embeddable":true,"href":"https:\/\/cerclebadiou.fr\/index.php\/wp-json\/wp\/v2\/tags?post=7"}],"curies":[{"name":"wp","href":"https:\/\/api.w.org\/{rel}","templated":true}]}}